{"id":1221,"date":"2015-06-12T20:53:28","date_gmt":"2015-06-12T20:53:28","guid":{"rendered":"http:\/\/doceebom.pt\/blog\/?p=1221"},"modified":"2015-06-02T20:54:58","modified_gmt":"2015-06-02T20:54:58","slug":"crepes-com-licor-beirao","status":"publish","type":"post","link":"https:\/\/doceebom.pt\/blog\/crepes-com-licor-beirao\/","title":{"rendered":"Crepes com Licor Beir\u00e3o"},"content":{"rendered":"<p><img data-attachment-id=\"1223\" data-permalink=\"https:\/\/doceebom.pt\/blog\/crepes-com-licor-beirao\/crepe-01-01\/\" data-orig-file=\"https:\/\/i0.wp.com\/doceebom.pt\/blog\/wp-content\/uploads\/2015\/05\/crepe-01-01.jpg?fit=1181%2C790&amp;ssl=1\" data-orig-size=\"1181,790\" data-comments-opened=\"1\" data-image-meta=\"{&quot;aperture&quot;:&quot;0&quot;,&quot;credit&quot;:&quot;&quot;,&quot;camera&quot;:&quot;&quot;,&quot;caption&quot;:&quot;&quot;,&quot;created_timestamp&quot;:&quot;0&quot;,&quot;copyright&quot;:&quot;&quot;,&quot;focal_length&quot;:&quot;0&quot;,&quot;iso&quot;:&quot;0&quot;,&quot;shutter_speed&quot;:&quot;0&quot;,&quot;title&quot;:&quot;&quot;,&quot;orientation&quot;:&quot;0&quot;}\" data-image-title=\"crepe\" data-image-description=\"\" data-image-caption=\"\" data-medium-file=\"https:\/\/i0.wp.com\/doceebom.pt\/blog\/wp-content\/uploads\/2015\/05\/crepe-01-01.jpg?fit=300%2C201&amp;ssl=1\" data-large-file=\"https:\/\/i0.wp.com\/doceebom.pt\/blog\/wp-content\/uploads\/2015\/05\/crepe-01-01.jpg?fit=960%2C642&amp;ssl=1\" decoding=\"async\" loading=\"lazy\" class=\"alignnone size-full wp-image-1223\" src=\"https:\/\/i0.wp.com\/doceebom.pt\/blog\/wp-content\/uploads\/2015\/05\/crepe-01-01.jpg?resize=960%2C642&#038;ssl=1\" alt=\"crepe-01-01\" width=\"960\" height=\"642\" srcset=\"https:\/\/i0.wp.com\/doceebom.pt\/blog\/wp-content\/uploads\/2015\/05\/crepe-01-01.jpg?w=1181&amp;ssl=1 1181w, https:\/\/i0.wp.com\/doceebom.pt\/blog\/wp-content\/uploads\/2015\/05\/crepe-01-01.jpg?resize=300%2C201&amp;ssl=1 300w, https:\/\/i0.wp.com\/doceebom.pt\/blog\/wp-content\/uploads\/2015\/05\/crepe-01-01.jpg?resize=1024%2C685&amp;ssl=1 1024w\" sizes=\"(max-width: 960px) 100vw, 960px\" data-recalc-dims=\"1\" \/><\/p>\n<p>Ingredientes para os crepes:<br \/>\n125 gr de farinha<br \/>\n2 ovos<br \/>\n300 ml de leite<br \/>\nsal q.b.<\/p>\n<p>Para o molho:<br \/>\n25 gr de manteiga<br \/>\n1 casca de laranja<br \/>\n1 casca de lim\u00e3o<br \/>\n150 gr de a\u00e7\u00facar<br \/>\n1 dl de sumo de laranja<br \/>\n1,5 dl. Licor Beir\u00e3o<\/p>\n<p>Para os crepes, mexa os ovos, junte o leite e peneire a farinha at\u00e9 obter um preparado homog\u00e9neo.<\/p>\n<p>Aque\u00e7a uma frigideira ao lume, unte-a ligeiramente com manteiga, e espalhe cerca de meia concha de sopa de massa, espalhando com movimentos girat\u00f3rios de forma a cobrir o fundo da frigideira com uma camada fina de massa. Deixe cozer at\u00e9 alourar, solte o fundo, vire e deixe cozer mais um minuto. Retire e v\u00e1 empilhando-os num prato.<\/p>\n<p>Para o molho, leve ao lume a manteiga num tachinho com a casca de laranja e a de lim\u00e3o, e quando come\u00e7ar a alourar junte o a\u00e7\u00facar e mexa. Adicione o sumo de laranja e o Licor Beir\u00e3o. Deixe apurar. Envolva ent\u00e3o os crepes neste molho, e sirva-os ainda quentinhos.<\/p>\n","protected":false},"excerpt":{"rendered":"<p>Ingredientes para os crepes: 125 gr de farinha 2 ovos 300 ml de leite sal q.b. Para o molho: 25 gr de manteiga 1 casca de laranja 1 casca de lim\u00e3o 150 gr de a\u00e7\u00facar 1 dl de sumo de laranja 1,5 dl. Licor Beir\u00e3o Para os crepes, mexa os ovos, junte o leite e peneire a farinha at\u00e9 obter um preparado homog\u00e9neo. Aque\u00e7a uma frigideira ao lume, unte-a ligeiramente com manteiga, e espalhe cerca de meia concha de sopa de massa, espalhando com movimentos girat\u00f3rios de forma a cobrir o fundo da frigideira com uma camada fina de massa. Deixe cozer at\u00e9 alourar, solte o fundo, vire e deixe cozer mais um minuto. Retire e v\u00e1 empilhando-os num prato. Para o molho, leve ao lume a manteiga num tachinho com a casca de laranja e a de lim\u00e3o, e quando come\u00e7ar a alourar junte o a\u00e7\u00facar e mexa. Adicione o sumo de laranja e o Licor Beir\u00e3o. Deixe apurar. Envolva ent\u00e3o os crepes neste molho, e sirva-os ainda quentinhos.<\/p>\n","protected":false},"author":1,"featured_media":1223,"comment_status":"open","ping_status":"open","sticky":false,"template":"","format":"standard","meta":{"jetpack_post_was_ever_published":false,"_jetpack_newsletter_access":"","jetpack_publicize_message":"","jetpack_is_tweetstorm":false,"jetpack_publicize_feature_enabled":true,"jetpack_social_post_already_shared":true,"jetpack_social_options":{"image_generator_settings":{"template":"highway","enabled":false}}},"categories":[5],"tags":[150,157,168,97,52,120,158,92,159,71,74,77,108],"jetpack_publicize_connections":[],"jetpack_featured_media_url":"https:\/\/i0.wp.com\/doceebom.pt\/blog\/wp-content\/uploads\/2015\/05\/crepe-01-01.jpg?fit=1181%2C790&ssl=1","jetpack_shortlink":"https:\/\/wp.me\/p2QWwn-jH","jetpack_sharing_enabled":true,"jetpack_likes_enabled":true,"jetpack-related-posts":[{"id":1355,"url":"https:\/\/doceebom.pt\/blog\/bolo-de-caramelo\/","url_meta":{"origin":1221,"position":0},"title":"Bolo de Caramelo","author":"Isabel","date":"20\/02\/2017","format":false,"excerpt":"para o caramelo: 300 gr de a\u00e7\u00facar extrafino algumas gotas de sumo de lim\u00e3o 150 dl de natas 75 gr de manteiga para o bolo: 450 dl de leite 4 ovos 70 gr de manteiga derretida 90 gr de farinha 1 pitada de sal Tape o fundo de uma forma\u2026","rel":"","context":"In &quot;bolos&quot;","block_context":{"text":"bolos","link":"https:\/\/doceebom.pt\/blog\/category\/bolos\/"},"img":{"alt_text":"","src":"https:\/\/i0.wp.com\/doceebom.pt\/blog\/wp-content\/uploads\/2016\/06\/caramelo-01-01.jpg?fit=1181%2C790&ssl=1&resize=350%2C200","width":350,"height":200},"classes":[]},{"id":1199,"url":"https:\/\/doceebom.pt\/blog\/tarte-de-morangos-2\/","url_meta":{"origin":1221,"position":1},"title":"Tarte de morangos","author":"Isabel","date":"13\/05\/2015","format":false,"excerpt":"Ingredientes: 1 base de massa folhada 500 gr morangos 0,5 dl de leite 3 gemas 80 gr. de a\u00e7\u00facar 25 gr. de farinha 1 casca de lim\u00e3o 2 colheres (sopa) maisena A\u00e7\u00facar em p\u00f3 q.b. sumo de lim\u00e3o q.b. Comece por colocar a massa folhada numa forma para tartes retangular\u2026","rel":"","context":"In &quot;doces&quot;","block_context":{"text":"doces","link":"https:\/\/doceebom.pt\/blog\/category\/doces\/"},"img":{"alt_text":"","src":"https:\/\/i0.wp.com\/doceebom.pt\/blog\/wp-content\/uploads\/2015\/05\/TARTE-MORANGO-01-01-01.jpg?fit=1181%2C790&ssl=1&resize=350%2C200","width":350,"height":200},"classes":[]},{"id":357,"url":"https:\/\/doceebom.pt\/blog\/bolo-de-maca\/","url_meta":{"origin":1221,"position":2},"title":"Bolo de Ma\u00e7\u00e3","author":"Isabel","date":"23\/06\/2012","format":false,"excerpt":"1 kg de ma\u00e7\u00e3s (qualquer variedade) sumo de lim\u00e3o q.b. 150 g de manteiga 250 gr de a\u00e7\u00facar 5 ovos 1 dl de leite raspa da casca de 1 lim\u00e3o 400 gr de farinha c\/ fermento 1 c\u00e1lice de vinho do Porto papel vegetal manteiga para untar a\u00e7\u00facar para polvilhar\u2026","rel":"","context":"In &quot;bolos&quot;","block_context":{"text":"bolos","link":"https:\/\/doceebom.pt\/blog\/category\/bolos\/"},"img":{"alt_text":"","src":"","width":0,"height":0},"classes":[]},{"id":6,"url":"https:\/\/doceebom.pt\/blog\/farofias\/","url_meta":{"origin":1221,"position":3},"title":"Far\u00f3fias","author":"Isabel","date":"13\/11\/2009","format":false,"excerpt":"Quando n\u00e3o souberem o que fazer com as claras que vos sobram, eis uma op\u00e7\u00e3o! Far\u00f3fias. D\u00e3o um pouco de trabalho, mas vale a pena e sai sempre bem! Retirei esta receita do livro \"Do\u00e7aria Popular Portuguesa\" do Chefe Silva. \u00a0 Ingredientes: Far\u00f3fias: - 8 claras - 250 gr de\u2026","rel":"","context":"In &quot;doces&quot;","block_context":{"text":"doces","link":"https:\/\/doceebom.pt\/blog\/category\/doces\/"},"img":{"alt_text":"","src":"https:\/\/i0.wp.com\/doceebom.pt\/blog\/wp-content\/uploads\/2010\/08\/farofias-091.jpg?fit=1200%2C900&ssl=1&resize=350%2C200","width":350,"height":200},"classes":[]},{"id":132,"url":"https:\/\/doceebom.pt\/blog\/bolo-de-cenoura-com-cobertura-de-chocolate\/","url_meta":{"origin":1221,"position":4},"title":"Bolo de Cenoura com cobertura de chocolate","author":"Isabel","date":"28\/02\/2010","format":false,"excerpt":"Ingredientes (6 a 8 pessoas) Massa: 300 gr de manteiga e 300 gr de a\u00e7\u00facar Raspa de 1 laranja 5 ovos 300 gr de farinha 1 colher (ch\u00e1) de fermento em p\u00f3 300 gr de cenoura ralada 50 gr de corintos Molho de chocolate: 150 gr de chocolate em tablete\u2026","rel":"","context":"In &quot;bolos&quot;","block_context":{"text":"bolos","link":"https:\/\/doceebom.pt\/blog\/category\/bolos\/"},"img":{"alt_text":"","src":"https:\/\/i0.wp.com\/doceebom.pt\/blog\/wp-content\/uploads\/2010\/02\/bolo-cenoura-01.jpg?fit=1200%2C900&ssl=1&resize=350%2C200","width":350,"height":200},"classes":[]},{"id":1347,"url":"https:\/\/doceebom.pt\/blog\/tarte-de-abobora-e-noz\/","url_meta":{"origin":1221,"position":5},"title":"Tarte de Ab\u00f3bora e Noz","author":"Isabel","date":"30\/04\/2016","format":false,"excerpt":"Ingredientes: 2 ovos 500 gr de ab\u00f3bora descascada 400 gr de a\u00e7\u00facar 100 gr de farinha 100 gr de miolo de noz partido grosseiramente 1 massa quebrada casca de laranja pau de canela a\u00e7\u00facar em p\u00f3 Corte a ab\u00f3bora em cubinhos e coloque-os num tacho com o a\u00e7\u00facar, o pau\u2026","rel":"","context":"In &quot;doces&quot;","block_context":{"text":"doces","link":"https:\/\/doceebom.pt\/blog\/category\/doces\/"},"img":{"alt_text":"","src":"https:\/\/i0.wp.com\/doceebom.pt\/blog\/wp-content\/uploads\/2016\/03\/TARTE-ABOBORA-NOZ-01.jpg?fit=1181%2C790&ssl=1&resize=350%2C200","width":350,"height":200},"classes":[]}],"_links":{"self":[{"href":"https:\/\/doceebom.pt\/blog\/wp-json\/wp\/v2\/posts\/1221"}],"collection":[{"href":"https:\/\/doceebom.pt\/blog\/wp-json\/wp\/v2\/posts"}],"about":[{"href":"https:\/\/doceebom.pt\/blog\/wp-json\/wp\/v2\/types\/post"}],"author":[{"embeddable":true,"href":"https:\/\/doceebom.pt\/blog\/wp-json\/wp\/v2\/users\/1"}],"replies":[{"embeddable":true,"href":"https:\/\/doceebom.pt\/blog\/wp-json\/wp\/v2\/comments?post=1221"}],"version-history":[{"count":4,"href":"https:\/\/doceebom.pt\/blog\/wp-json\/wp\/v2\/posts\/1221\/revisions"}],"predecessor-version":[{"id":1230,"href":"https:\/\/doceebom.pt\/blog\/wp-json\/wp\/v2\/posts\/1221\/revisions\/1230"}],"wp:featuredmedia":[{"embeddable":true,"href":"https:\/\/doceebom.pt\/blog\/wp-json\/wp\/v2\/media\/1223"}],"wp:attachment":[{"href":"https:\/\/doceebom.pt\/blog\/wp-json\/wp\/v2\/media?parent=1221"}],"wp:term":[{"taxonomy":"category","embeddable":true,"href":"https:\/\/doceebom.pt\/blog\/wp-json\/wp\/v2\/categories?post=1221"},{"taxonomy":"post_tag","embeddable":true,"href":"https:\/\/doceebom.pt\/blog\/wp-json\/wp\/v2\/tags?post=1221"}],"curies":[{"name":"wp","href":"https:\/\/api.w.org\/{rel}","templated":true}]}}