{"id":1370,"date":"2017-03-09T20:54:56","date_gmt":"2017-03-09T20:54:56","guid":{"rendered":"http:\/\/doceebom.pt\/blog\/?p=1370"},"modified":"2023-06-29T22:17:32","modified_gmt":"2023-06-29T22:17:32","slug":"tarte-de-maca-camadas","status":"publish","type":"post","link":"https:\/\/doceebom.pt\/blog\/tarte-de-maca-camadas\/","title":{"rendered":"Tarte de ma\u00e7\u00e3 camadas"},"content":{"rendered":"<p><img data-attachment-id=\"1457\" data-permalink=\"https:\/\/doceebom.pt\/blog\/tarte-de-maca-camadas\/tarte-maca-01\/\" data-orig-file=\"https:\/\/i0.wp.com\/doceebom.pt\/blog\/wp-content\/uploads\/2016\/06\/tarte-maca-01.jpg?fit=1181%2C790&amp;ssl=1\" data-orig-size=\"1181,790\" data-comments-opened=\"1\" data-image-meta=\"{&quot;aperture&quot;:&quot;0&quot;,&quot;credit&quot;:&quot;&quot;,&quot;camera&quot;:&quot;&quot;,&quot;caption&quot;:&quot;&quot;,&quot;created_timestamp&quot;:&quot;0&quot;,&quot;copyright&quot;:&quot;&quot;,&quot;focal_length&quot;:&quot;0&quot;,&quot;iso&quot;:&quot;0&quot;,&quot;shutter_speed&quot;:&quot;0&quot;,&quot;title&quot;:&quot;&quot;,&quot;orientation&quot;:&quot;0&quot;}\" data-image-title=\"tarte maca-01\" data-image-description=\"\" data-image-caption=\"\" data-medium-file=\"https:\/\/i0.wp.com\/doceebom.pt\/blog\/wp-content\/uploads\/2016\/06\/tarte-maca-01.jpg?fit=300%2C201&amp;ssl=1\" data-large-file=\"https:\/\/i0.wp.com\/doceebom.pt\/blog\/wp-content\/uploads\/2016\/06\/tarte-maca-01.jpg?fit=960%2C642&amp;ssl=1\" decoding=\"async\" loading=\"lazy\" class=\"alignnone size-full wp-image-1457\" src=\"https:\/\/i0.wp.com\/doceebom.pt\/blog\/wp-content\/uploads\/2016\/06\/tarte-maca-01.jpg?resize=960%2C642&#038;ssl=1\" alt=\"\" width=\"960\" height=\"642\" srcset=\"https:\/\/i0.wp.com\/doceebom.pt\/blog\/wp-content\/uploads\/2016\/06\/tarte-maca-01.jpg?w=1181&amp;ssl=1 1181w, https:\/\/i0.wp.com\/doceebom.pt\/blog\/wp-content\/uploads\/2016\/06\/tarte-maca-01.jpg?resize=300%2C201&amp;ssl=1 300w, https:\/\/i0.wp.com\/doceebom.pt\/blog\/wp-content\/uploads\/2016\/06\/tarte-maca-01.jpg?resize=768%2C514&amp;ssl=1 768w, https:\/\/i0.wp.com\/doceebom.pt\/blog\/wp-content\/uploads\/2016\/06\/tarte-maca-01.jpg?resize=1024%2C685&amp;ssl=1 1024w\" sizes=\"(max-width: 960px) 100vw, 960px\" data-recalc-dims=\"1\" \/>Ingredientes<br \/>\n6 ma\u00e7\u00e3s<br \/>\n3 ovos<br \/>\n200 g de a\u00e7\u00facar<br \/>\n125 g de farinha<br \/>\n1 c\u00e1lice de vinho do porto<br \/>\n1\/3 colher de fermento<br \/>\nCanela em p\u00f3 para polvilhar<\/p>\n<p><img data-attachment-id=\"1458\" data-permalink=\"https:\/\/doceebom.pt\/blog\/tarte-de-maca-camadas\/tarte-maca-01-01\/\" data-orig-file=\"https:\/\/i0.wp.com\/doceebom.pt\/blog\/wp-content\/uploads\/2016\/06\/tarte-maca-01-01.jpg?fit=1181%2C790&amp;ssl=1\" data-orig-size=\"1181,790\" data-comments-opened=\"1\" data-image-meta=\"{&quot;aperture&quot;:&quot;0&quot;,&quot;credit&quot;:&quot;&quot;,&quot;camera&quot;:&quot;&quot;,&quot;caption&quot;:&quot;&quot;,&quot;created_timestamp&quot;:&quot;0&quot;,&quot;copyright&quot;:&quot;&quot;,&quot;focal_length&quot;:&quot;0&quot;,&quot;iso&quot;:&quot;0&quot;,&quot;shutter_speed&quot;:&quot;0&quot;,&quot;title&quot;:&quot;&quot;,&quot;orientation&quot;:&quot;0&quot;}\" data-image-title=\"tarte maca-01-01\" data-image-description=\"\" data-image-caption=\"\" data-medium-file=\"https:\/\/i0.wp.com\/doceebom.pt\/blog\/wp-content\/uploads\/2016\/06\/tarte-maca-01-01.jpg?fit=300%2C201&amp;ssl=1\" data-large-file=\"https:\/\/i0.wp.com\/doceebom.pt\/blog\/wp-content\/uploads\/2016\/06\/tarte-maca-01-01.jpg?fit=960%2C642&amp;ssl=1\" decoding=\"async\" loading=\"lazy\" class=\"alignnone size-full wp-image-1458\" src=\"https:\/\/i0.wp.com\/doceebom.pt\/blog\/wp-content\/uploads\/2016\/06\/tarte-maca-01-01.jpg?resize=960%2C642&#038;ssl=1\" alt=\"\" width=\"960\" height=\"642\" srcset=\"https:\/\/i0.wp.com\/doceebom.pt\/blog\/wp-content\/uploads\/2016\/06\/tarte-maca-01-01.jpg?w=1181&amp;ssl=1 1181w, https:\/\/i0.wp.com\/doceebom.pt\/blog\/wp-content\/uploads\/2016\/06\/tarte-maca-01-01.jpg?resize=300%2C201&amp;ssl=1 300w, https:\/\/i0.wp.com\/doceebom.pt\/blog\/wp-content\/uploads\/2016\/06\/tarte-maca-01-01.jpg?resize=768%2C514&amp;ssl=1 768w, https:\/\/i0.wp.com\/doceebom.pt\/blog\/wp-content\/uploads\/2016\/06\/tarte-maca-01-01.jpg?resize=1024%2C685&amp;ssl=1 1024w\" sizes=\"(max-width: 960px) 100vw, 960px\" data-recalc-dims=\"1\" \/><\/p>\n<p>Ligar o forno nos 180 graus. Forrar o fundo de uma forma de fundo amov\u00edvel com papel vegetal e untar com manteiga.<br \/>\nDescascar e limpar as ma\u00e7\u00e3s e cortar em fatias finas. Espalhar na forma.<br \/>\nNum recipiente bater os ovos com o a\u00e7\u00facar at\u00e9 formar uma mistura clara e cremosa. Envolver a farinha, o vinho do porto e o fermento.<br \/>\nVerter a massa sobre as ma\u00e7\u00e3s, e com uma esp\u00e1tula espalhar a massa de modo a cobrir todas as ma\u00e7\u00e3s. Vai a cozer durante cerca de 50 minutos.<br \/>\nDepois de cozida, desenforme e polvilhe com canela em p\u00f3.<\/p>\n","protected":false},"excerpt":{"rendered":"<p>Ingredientes 6 ma\u00e7\u00e3s 3 ovos 200 g de a\u00e7\u00facar 125 g de farinha 1 c\u00e1lice de vinho do porto 1\/3 colher de fermento Canela em p\u00f3 para polvilhar Ligar o forno nos 180 graus. Forrar o fundo de uma forma de fundo amov\u00edvel com papel vegetal e untar com manteiga. Descascar e limpar as ma\u00e7\u00e3s e cortar em fatias finas. Espalhar na forma. Num recipiente bater os ovos com o a\u00e7\u00facar at\u00e9 formar uma mistura clara e cremosa. Envolver a farinha, o vinho do porto e o fermento. Verter a massa sobre as ma\u00e7\u00e3s, e com uma esp\u00e1tula espalhar a massa de modo a cobrir todas as ma\u00e7\u00e3s. Vai a cozer durante cerca de 50 minutos. Depois de cozida, desenforme e polvilhe com canela em p\u00f3.<\/p>\n","protected":false},"author":1,"featured_media":1458,"comment_status":"open","ping_status":"open","sticky":false,"template":"","format":"standard","meta":{"jetpack_post_was_ever_published":false,"_jetpack_newsletter_access":"","jetpack_publicize_message":"","jetpack_is_tweetstorm":false,"jetpack_publicize_feature_enabled":true,"jetpack_social_post_already_shared":true,"jetpack_social_options":{"image_generator_settings":{"template":"highway","enabled":false}}},"categories":[5,12],"tags":[178,168,97,54,131,71,74,77,78,173,81,82],"jetpack_publicize_connections":[],"jetpack_featured_media_url":"https:\/\/i0.wp.com\/doceebom.pt\/blog\/wp-content\/uploads\/2016\/06\/tarte-maca-01-01.jpg?fit=1181%2C790&ssl=1","jetpack_shortlink":"https:\/\/wp.me\/p2QWwn-m6","jetpack_sharing_enabled":true,"jetpack_likes_enabled":true,"jetpack-related-posts":[{"id":24,"url":"https:\/\/doceebom.pt\/blog\/tarte-de-maca\/","url_meta":{"origin":1370,"position":0},"title":"Tarte de Ma\u00e7\u00e3","author":"Isabel","date":"28\/12\/2009","format":false,"excerpt":"Ingredientes: 125 gr de a\u00e7\u00facar 125 gr de manteiga 200 gr de farinha 3 ovos 1 colher de fermento 3 colheres de sopa de leite 3 ma\u00e7\u00e3s (coloca-se no topo) canela a\u00e7\u00facar Junta-se ovos\u00a0com o\u00a0a\u00e7\u00faca.\u00a0De seguida a manteiga e o\u00a0leite, a farinha e o fermento peneirados\u00a0e se quiser um bocadinho\u2026","rel":"","context":"In &quot;doces&quot;","block_context":{"text":"doces","link":"https:\/\/doceebom.pt\/blog\/category\/doces\/"},"img":{"alt_text":"","src":"https:\/\/i0.wp.com\/doceebom.pt\/blog\/wp-content\/uploads\/2009\/12\/tarte-de-maca-18.jpg?fit=1200%2C900&ssl=1&resize=350%2C200","width":350,"height":200},"classes":[]},{"id":903,"url":"https:\/\/doceebom.pt\/blog\/tarte-de-maca-e-vinho-do-porto\/","url_meta":{"origin":1370,"position":1},"title":"Tarte de ma\u00e7\u00e3 e vinho do Porto","author":"Isabel","date":"22\/12\/2013","format":false,"excerpt":"Ingredientes: cerca de 4 a 6 ma\u00e7\u00e3s (usei da qualidade bravo) 1 pau de canela 1 c\u00e1lice de vinho do Porto meia duzia de groselhas 2 colheres de sopa de a\u00e7\u00facar amarelo 50 gr de am\u00eandoa torrada massa folhada a\u00e7\u00facar em p\u00f3 Comece por colocar ao lume o vinho do\u2026","rel":"","context":"In &quot;tartes&quot;","block_context":{"text":"tartes","link":"https:\/\/doceebom.pt\/blog\/category\/doces\/tartes\/"},"img":{"alt_text":"","src":"https:\/\/i0.wp.com\/doceebom.pt\/blog\/wp-content\/uploads\/2013\/12\/1-01.jpg?fit=1181%2C790&ssl=1&resize=350%2C200","width":350,"height":200},"classes":[]},{"id":524,"url":"https:\/\/doceebom.pt\/blog\/tarte-de-maca-com-compota\/","url_meta":{"origin":1370,"position":2},"title":"Tarte de ma\u00e7\u00e3 com compota","author":"Isabel","date":"25\/11\/2012","format":false,"excerpt":"Ingredientes: Massa folhada Doce de ma\u00e7\u00e3 Ma\u00e7\u00e3 Golden Geleia incolor Canela em p\u00f3 Cortar a massa folhada num formato quadrado. Delimitar as beiras e picar com o garfo a massa folhada excepto nas beiras. Espalhar o doce por toda a \u00e1rea, novamente com excep\u00e7\u00e3o das beiras. Descascar uma ma\u00e7\u00e3 Golden,\u2026","rel":"","context":"In &quot;doces&quot;","block_context":{"text":"doces","link":"https:\/\/doceebom.pt\/blog\/category\/doces\/"},"img":{"alt_text":"","src":"","width":0,"height":0},"classes":[]},{"id":415,"url":"https:\/\/doceebom.pt\/blog\/tarte-de-maca-e-amendoa\/","url_meta":{"origin":1370,"position":3},"title":"Tarte de Ma\u00e7\u00e3 e Am\u00eandoa","author":"Isabel","date":"30\/06\/2012","format":false,"excerpt":"Massa folhada Vinho do Porto q.b a\u00e7\u00facar q.b. pau de canela am\u00eandoa torrada q.b. 3 Ma\u00e7\u00e3s Golden Sumo de lim\u00e3o q.b. Geleia Estender a massa folhada. Passar um pincele humedecido com \u00e1gua pelas beiras e picar ao de leve com um garfo a massa. Fazer uma calda com o vinho\u2026","rel":"","context":"In &quot;tartes&quot;","block_context":{"text":"tartes","link":"https:\/\/doceebom.pt\/blog\/category\/doces\/tartes\/"},"img":{"alt_text":"","src":"","width":0,"height":0},"classes":[]},{"id":1347,"url":"https:\/\/doceebom.pt\/blog\/tarte-de-abobora-e-noz\/","url_meta":{"origin":1370,"position":4},"title":"Tarte de Ab\u00f3bora e Noz","author":"Isabel","date":"30\/04\/2016","format":false,"excerpt":"Ingredientes: 2 ovos 500 gr de ab\u00f3bora descascada 400 gr de a\u00e7\u00facar 100 gr de farinha 100 gr de miolo de noz partido grosseiramente 1 massa quebrada casca de laranja pau de canela a\u00e7\u00facar em p\u00f3 Corte a ab\u00f3bora em cubinhos e coloque-os num tacho com o a\u00e7\u00facar, o pau\u2026","rel":"","context":"In &quot;doces&quot;","block_context":{"text":"doces","link":"https:\/\/doceebom.pt\/blog\/category\/doces\/"},"img":{"alt_text":"","src":"https:\/\/i0.wp.com\/doceebom.pt\/blog\/wp-content\/uploads\/2016\/03\/TARTE-ABOBORA-NOZ-01.jpg?fit=1181%2C790&ssl=1&resize=350%2C200","width":350,"height":200},"classes":[]},{"id":1322,"url":"https:\/\/doceebom.pt\/blog\/tarte-de-maca-2\/","url_meta":{"origin":1370,"position":5},"title":"Tarte de ma\u00e7\u00e3","author":"Isabel","date":"29\/01\/2016","format":false,"excerpt":"Ingredientes: 4 ou 5 ma\u00e7\u00e3s vermelhas 1 embalagem de massa folhada 50g de farinha 150g de a\u00e7ucar 3 ovos 1 ch\u00e1vena de leite Cortar as ma\u00e7\u00e3s, com casca, em fatias fininhas. Numa tarteira coloque a massa folhada com o papel vegetal por baixo. Pique a massa com um garfo. V\u00e1\u2026","rel":"","context":"In &quot;doces&quot;","block_context":{"text":"doces","link":"https:\/\/doceebom.pt\/blog\/category\/doces\/"},"img":{"alt_text":"","src":"https:\/\/i0.wp.com\/doceebom.pt\/blog\/wp-content\/uploads\/2015\/12\/TARTE-MACA01-01.jpg?fit=1181%2C790&ssl=1&resize=350%2C200","width":350,"height":200},"classes":[]}],"_links":{"self":[{"href":"https:\/\/doceebom.pt\/blog\/wp-json\/wp\/v2\/posts\/1370"}],"collection":[{"href":"https:\/\/doceebom.pt\/blog\/wp-json\/wp\/v2\/posts"}],"about":[{"href":"https:\/\/doceebom.pt\/blog\/wp-json\/wp\/v2\/types\/post"}],"author":[{"embeddable":true,"href":"https:\/\/doceebom.pt\/blog\/wp-json\/wp\/v2\/users\/1"}],"replies":[{"embeddable":true,"href":"https:\/\/doceebom.pt\/blog\/wp-json\/wp\/v2\/comments?post=1370"}],"version-history":[{"count":4,"href":"https:\/\/doceebom.pt\/blog\/wp-json\/wp\/v2\/posts\/1370\/revisions"}],"predecessor-version":[{"id":1734,"href":"https:\/\/doceebom.pt\/blog\/wp-json\/wp\/v2\/posts\/1370\/revisions\/1734"}],"wp:featuredmedia":[{"embeddable":true,"href":"https:\/\/doceebom.pt\/blog\/wp-json\/wp\/v2\/media\/1458"}],"wp:attachment":[{"href":"https:\/\/doceebom.pt\/blog\/wp-json\/wp\/v2\/media?parent=1370"}],"wp:term":[{"taxonomy":"category","embeddable":true,"href":"https:\/\/doceebom.pt\/blog\/wp-json\/wp\/v2\/categories?post=1370"},{"taxonomy":"post_tag","embeddable":true,"href":"https:\/\/doceebom.pt\/blog\/wp-json\/wp\/v2\/tags?post=1370"}],"curies":[{"name":"wp","href":"https:\/\/api.w.org\/{rel}","templated":true}]}}